{"id":1880,"date":"2026-01-27T17:18:22","date_gmt":"2026-01-27T20:18:22","guid":{"rendered":"https:\/\/aiconiq.xyzhosts.com\/?p=1880"},"modified":"2026-01-28T12:54:05","modified_gmt":"2026-01-28T15:54:05","slug":"estetica-preventiva-e-estrategia-nao-tendencia","status":"publish","type":"post","link":"https:\/\/aiconiq.com.br\/en\/estetica-preventiva-e-estrategia-nao-tendencia\/","title":{"rendered":"Est\u00e9tica preventiva \u00e9 estrat\u00e9gia, n\u00e3o tend\u00eancia"},"content":{"rendered":"<p>O paciente mudou, o comportamento mudou, e a pr\u00e1tica m\u00e9dica tamb\u00e9m precisou <strong>evoluir<\/strong>. Na est\u00e9tica contempor\u00e2nea, a mudan\u00e7a mais <strong>relevante <\/strong>n\u00e3o est\u00e1 nas t\u00e9cnicas isoladas, mas na forma como o cuidado \u00e9 <strong>planejado <\/strong>ao longo do tempo.<\/p>\n\n\n\n<p>A <strong>est\u00e9tica preventiva <\/strong>surge nesse contexto n\u00e3o como uma tend\u00eancia, mas como <strong>estrat\u00e9gia cl\u00ednica<\/strong>. Uma abordagem que entende a pele como parte do plano de vida do paciente, integrando escolhas conscientes, est\u00edmulos graduais e acompanhamento cont\u00ednuo.<\/p>\n\n\n\n<p><a><\/a>Foi a mudan\u00e7a de comportamento que redefiniu a est\u00e9tica. O paciente atual n\u00e3o quer apenas tratar um problema quando ele aparece, ele deseja previsibilidade, naturalidade e coer\u00eancia com o futuro que deseja construir.<\/p>\n\n\n\n<p>Esse novo comportamento exige da pr\u00e1tica m\u00e9dica: <strong>planejamento <\/strong>ao inv\u00e9s de interven\u00e7\u00f5es pontuais, <strong>const\u00e2ncia <\/strong>ao inv\u00e9s de impacto imediato e <strong>estrat\u00e9gia <\/strong>ao inv\u00e9s de corre\u00e7\u00e3o tardia.<\/p>\n\n\n\n<p><strong>A pele \u00e9 um \u00f3rg\u00e3o vivo, <\/strong>din\u00e2mico e altamente responsivo aos est\u00edmulos, h\u00e1bitos e ao ambiente. Quando tratada apenas de forma corretiva, perde-se a oportunidade de preservar sua qualidade ao longo do tempo.<\/p>\n\n\n\n<p>A biologia da pele responde melhor a est\u00edmulos bem dosados, consistentes e respeitosos \u00e0 fisiologia. Quando o est\u00edmulo \u00e9 estrat\u00e9gico temos resposta celular mais previs\u00edvel, risco inflamat\u00f3rio reduzido, a pele mant\u00e9m sua capacidade regenerativa e os resultados se sustentam no longo prazo.<\/p>\n\n\n\n<p>Est\u00e9tica preventiva n\u00e3o acelera processos \u2014 ela respeita o tempo biol\u00f3gico.<\/p>\n\n\n\n<div style=\"height:20px\" aria-hidden=\"true\" class=\"wp-block-spacer\"><\/div>\n\n\n\n<h2 class=\"wp-block-heading\"><a><\/a>Dermablate: tecnologia a favor da estrat\u00e9gia cl\u00ednica<\/h2>\n\n\n\n<p>Dentro dessa l\u00f3gica, o Dermablate se posiciona como uma tecnologia alinhada \u00e0 est\u00e9tica preventiva e ao acompanhamento de longo prazo. Sua atua\u00e7\u00e3o favorece a renova\u00e7\u00e3o da pele de forma controlada, sustentando protocolos cont\u00ednuos e personalizados.<\/p>\n\n\n\n<p>O Dermablate contribui para esse olhar estrat\u00e9gico ao:<\/p>\n\n\n\n<ul class=\"wp-block-list\">\n<li>Apoiar a renova\u00e7\u00e3o cut\u00e2nea gradual;<\/li>\n\n\n\n<li>Melhorar progressivamente a textura da pele;<\/li>\n\n\n\n<li>Integrar-se a protocolos de manuten\u00e7\u00e3o;<\/li>\n\n\n\n<li>Respeitar a fisiologia e a individualidade do paciente.<\/li>\n<\/ul>\n\n\n\n<p>Mais do que tratar sinais isolados, o <strong>Dermablate <\/strong>sustenta um processo cont\u00ednuo de cuidado com a pele.<\/p>\n\n\n\n<p>Quando a est\u00e9tica \u00e9 pensada como estrat\u00e9gia o acompanhamento se torna mais consistente, o paciente adere melhor ao plano proposto, os resultados s\u00e3o mais naturais e previs\u00edveis e pr\u00e1tica cl\u00ednica se torna mais sustent\u00e1vel.<\/p>\n\n\n\n<p>A est\u00e9tica preventiva n\u00e3o promete transforma\u00e7\u00f5es imediatas, ela oferece qualidade, coer\u00eancia e longevidade. \u00c9 uma escolha cl\u00ednica baseada em vis\u00e3o de futuro, respeito \u00e0 biologia e est\u00edmulos bem indicados.<\/p>\n\n\n\n<p>Na medicina est\u00e9tica contempor\u00e2nea, prevenir \u00e9 planejar.<\/p>\n\n\n\n<p>E planejar \u00e9 a forma mais inteligente de cuidar da pele ao longo do tempo.<\/p>\n\n\n\n<p><strong>Se sua pr\u00e1tica j\u00e1 trabalha com acompanhamento de longo prazo, a tecnologia precisa sustentar essa vis\u00e3o.<\/strong><\/p>\n\n\n\n<p><strong>Conhe\u00e7a como o Dermablate pode integrar protocolos cont\u00ednuos, personalizados e alinhados \u00e0 est\u00e9tica preventiva.<\/strong><\/p>","protected":false},"excerpt":{"rendered":"<p>O paciente mudou, o comportamento mudou, e a pr\u00e1tica m\u00e9dica tamb\u00e9m precisou evoluir. Na est\u00e9tica contempor\u00e2nea, a mudan\u00e7a mais relevante n\u00e3o est\u00e1 nas t\u00e9cnicas isoladas, mas na forma como o cuidado \u00e9 planejado ao longo do tempo.<\/p>","protected":false},"author":1,"featured_media":1881,"comment_status":"open","ping_status":"open","sticky":false,"template":"","format":"standard","meta":{"footnotes":""},"categories":[21],"tags":[],"class_list":["post-1880","post","type-post","status-publish","format-standard","has-post-thumbnail","hentry","category-medicos"],"_links":{"self":[{"href":"https:\/\/aiconiq.com.br\/en\/wp-json\/wp\/v2\/posts\/1880","targetHints":{"allow":["GET"]}}],"collection":[{"href":"https:\/\/aiconiq.com.br\/en\/wp-json\/wp\/v2\/posts"}],"about":[{"href":"https:\/\/aiconiq.com.br\/en\/wp-json\/wp\/v2\/types\/post"}],"author":[{"embeddable":true,"href":"https:\/\/aiconiq.com.br\/en\/wp-json\/wp\/v2\/users\/1"}],"replies":[{"embeddable":true,"href":"https:\/\/aiconiq.com.br\/en\/wp-json\/wp\/v2\/comments?post=1880"}],"version-history":[{"count":3,"href":"https:\/\/aiconiq.com.br\/en\/wp-json\/wp\/v2\/posts\/1880\/revisions"}],"predecessor-version":[{"id":2188,"href":"https:\/\/aiconiq.com.br\/en\/wp-json\/wp\/v2\/posts\/1880\/revisions\/2188"}],"wp:featuredmedia":[{"embeddable":true,"href":"https:\/\/aiconiq.com.br\/en\/wp-json\/wp\/v2\/media\/1881"}],"wp:attachment":[{"href":"https:\/\/aiconiq.com.br\/en\/wp-json\/wp\/v2\/media?parent=1880"}],"wp:term":[{"taxonomy":"category","embeddable":true,"href":"https:\/\/aiconiq.com.br\/en\/wp-json\/wp\/v2\/categories?post=1880"},{"taxonomy":"post_tag","embeddable":true,"href":"https:\/\/aiconiq.com.br\/en\/wp-json\/wp\/v2\/tags?post=1880"}],"curies":[{"name":"wp","href":"https:\/\/api.w.org\/{rel}","templated":true}]}}